{"id":6287,"date":"2026-04-28T22:24:10","date_gmt":"2026-04-28T21:24:10","guid":{"rendered":"https:\/\/www.romev.de\/?p=6287"},"modified":"2026-04-28T22:42:21","modified_gmt":"2026-04-28T21:42:21","slug":"gedenkveranstaltung-an-den-voelkermord-an-romnja-und-sintizze-am-21-mai-2026","status":"publish","type":"post","link":"https:\/\/www.romev.de\/?p=6287","title":{"rendered":"Gedenkveranstaltung an den V\u00f6lkermord an Rom:nja und Sinti:zze am 21. Mai 2026"},"content":{"rendered":"<p class=\"x_MsoNormal\" data-olk-copy-source=\"MessageBody\">anl\u00e4sslich des <b>Roma Resistance Day<\/b> m\u00f6chten wir Euch recht herzlich zu der <b>Gedenkveranstaltung an den V\u00f6lkermord an Rom:nja und Sinti:zze<\/b> am <b>21. Mai 2026<\/b> ab <b>19 Uhr<\/b> im <b>K\u00f6lner VHS-Forum<\/b> am Neumarkt einladen. Die Veranstaltung beginnt mit einem Impulsvortrag von Magdalena Lovri\u0107 \u00fcber die NS-Verfolgung und Erinnerungskultur in Kroatien. Im Anschluss wird es eine Podiumsdiskussion \u00fcber das Gedenken und die fehlende gesellschaftliche und politische Anerkennung in Deutschland geben. Hier diskutieren Sami Dzemailovski vom Carmen e.V., Kenan Emini vom Bundesromaverband e.V., Magdalena Lovri\u0107 und Ru\u017edija Sejdovi\u0107 vom Rom e.V. Die Moderation \u00fcbernimmt Radoslav Ganev vom RomAnity e.V. Das Programm wird durch eine musikalische Begleitung von June Heilig und Sergej Hartmann abgerundet. Die Veranstaltung ist kostenlos und wir w\u00fcrden uns sehr \u00fcber Eure Teilnahme freuen.<\/p>\n<p class=\"x_MsoNormal\">Dar\u00fcber hinaus m\u00f6chten wir Euch gerne \u00fcber das Rahmenprogramm aufmerksam machen. Dies Veranstaltungsreihe findet im Rautenstrauch-Joest-Museum statt. Hier sprechen Rom*nja und Sinti*zze f\u00fcr sich selbst, dabei stehen ihre Stimmen, Erfahrungen und Perspektiven im Mittelpunkt. Euch erwarten folgende Programmpunkte:<\/p>\n<ul type=\"disc\">\n<li class=\"x_MsoListParagraph\"><b>TALK mit Zeitzeug*innen: Samudaripen \u2013 Rom*nja erinnern<br \/>\n<\/b><i>21. Mai, 17:30 Uhr, RJM-Bibliothek, Eintritt frei<\/i><\/li>\n<\/ul>\n<ul type=\"disc\">\n<li class=\"x_MsoListParagraph\"><b>POESIE &amp; GESPR\u00c4CH: Sehnsucht nach meiner Stimme \u2013 Romn*ja lesen ihre Textproduktionen<br \/>\n<\/b><i>22. Mai, 17 Uhr, RJM-Bibliothek, Eintritt frei<\/i><\/li>\n<\/ul>\n<ul type=\"disc\">\n<li class=\"x_MsoListParagraph\"><b>FILM &amp; AUSTAUSCH: Djelem, Djelem. Rom*nja und Sinti*zze im langen Schatten des 20. Jahrhunderts<br \/>\n<\/b><i>23. Mai, 15:30 Uhr, RJM- Bibliothek, Eintritt frei<\/i><\/li>\n<\/ul>\n<ul type=\"disc\">\n<li class=\"x_MsoListParagraph\"><b>WORKSHOPS F\u00dcR KIDS<br \/>\n<\/b><i>24. Mai, 14 bis 15 Uhr, SPACE4KIDS, Eintritt frei<\/i><\/li>\n<\/ul>\n<p class=\"x_MsoNormal\">Wir freuen uns \u00fcber Eure Teilnahme und danken allen Kooperationspartner:innen und Unterst\u00fctzer:innen.<\/p>\n<hr \/>\n<p>Weitere Informationen: <span data-olk-copy-source=\"MessageBody\">Veranstaltungsflyer<\/span><\/p>\n<p><a href=\"https:\/\/www.romev.de\/wp-content\/uploads\/Gedenkveranstaltung-21.-Mai.pdf\">Gedenkveranstaltung 21. Mai<\/a><\/p>\n<p><a href=\"https:\/\/www.romev.de\/wp-content\/uploads\/Djelem-djelem-im-RJM_Flyer.pdf\">Djelem djelem im RJM_Flyer<\/a><\/p>\n","protected":false},"excerpt":{"rendered":"<p>anl\u00e4sslich des Roma Resistance Day m\u00f6chten wir Euch recht herzlich zu der Gedenkveranstaltung an den V\u00f6lkermord an Rom:nja und Sinti:zze am 21. Mai 2026 ab 19 Uhr im K\u00f6lner VHS-Forum&#8230;<\/p>\n","protected":false},"author":1965,"featured_media":0,"comment_status":"closed","ping_status":"closed","sticky":false,"template":"","format":"standard","meta":{"footnotes":""},"categories":[1],"tags":[],"class_list":{"0":"post-6287","1":"post","2":"type-post","3":"status-publish","4":"format-standard","6":"category-allgemein"},"_links":{"self":[{"href":"https:\/\/www.romev.de\/index.php?rest_route=\/wp\/v2\/posts\/6287","targetHints":{"allow":["GET"]}}],"collection":[{"href":"https:\/\/www.romev.de\/index.php?rest_route=\/wp\/v2\/posts"}],"about":[{"href":"https:\/\/www.romev.de\/index.php?rest_route=\/wp\/v2\/types\/post"}],"author":[{"embeddable":true,"href":"https:\/\/www.romev.de\/index.php?rest_route=\/wp\/v2\/users\/1965"}],"replies":[{"embeddable":true,"href":"https:\/\/www.romev.de\/index.php?rest_route=%2Fwp%2Fv2%2Fcomments&post=6287"}],"version-history":[{"count":2,"href":"https:\/\/www.romev.de\/index.php?rest_route=\/wp\/v2\/posts\/6287\/revisions"}],"predecessor-version":[{"id":6291,"href":"https:\/\/www.romev.de\/index.php?rest_route=\/wp\/v2\/posts\/6287\/revisions\/6291"}],"wp:attachment":[{"href":"https:\/\/www.romev.de\/index.php?rest_route=%2Fwp%2Fv2%2Fmedia&parent=6287"}],"wp:term":[{"taxonomy":"category","embeddable":true,"href":"https:\/\/www.romev.de\/index.php?rest_route=%2Fwp%2Fv2%2Fcategories&post=6287"},{"taxonomy":"post_tag","embeddable":true,"href":"https:\/\/www.romev.de\/index.php?rest_route=%2Fwp%2Fv2%2Ftags&post=6287"}],"curies":[{"name":"wp","href":"https:\/\/api.w.org\/{rel}","templated":true}]}}