{"id":6294,"date":"2026-04-28T22:44:04","date_gmt":"2026-04-28T21:44:04","guid":{"rendered":"https:\/\/www.romev.de\/?p=6294"},"modified":"2026-04-28T22:44:12","modified_gmt":"2026-04-28T21:44:12","slug":"mehr-sichtbarkeit-fuer-die-roma-community-der-welt-roma-tag-08-04-2026-in-koeln","status":"publish","type":"post","link":"https:\/\/www.romev.de\/?p=6294","title":{"rendered":"Mehr Sichtbarkeit f\u00fcr die Roma-Community \u2013 der Welt-Roma-Tag, 08.04.2026, in K\u00f6ln"},"content":{"rendered":"<p>Anl\u00e4sslich des Welt-Roma-Tages stand in diesem Jahr in K\u00f6ln alles im Zeichen von mehr Sichtbarkeit, Akzeptanz und demokratischer Teilhabe der Roma-Community. Zwei bedeutende Jubil\u00e4en rund um die Roma-Flagge pr\u00e4gten dabei die Agenda:<\/p>\n<p>Zum einen wurde der 55. Jahrestag der ersten Konstitution und Anerkennung der Roma-Flagge gew\u00fcrdigt (8.April, London). Zum anderen feierte K\u00f6ln eine eigene, mittlerweile f\u00fcnfj\u00e4hrige Tradition: das feierliche Hissen der Roma-Flagge vor dem K\u00f6lner Rathaus, in Anwesenheit des amtierenden Oberb\u00fcrgermeisters, Torsten Burmester.<\/p>\n<p>Unterst\u00fctzt wurde die Veranstaltung vom Kommunalen Integrationszentrum K\u00f6ln, weiteren Interkulturellen Zentren sowie der Roma-Selbstorganisation Carmen e.V. aus D\u00fcsseldorf.<\/p>\n<p>In seiner <a href=\"https:\/\/www.romev.de\/?page_id=6239\">Rede<\/a> formulierte der 1. Sprecher des Rom e.V., Ru\u017edija Sejdovi\u0107, klare politische Forderungen mit Blick auf das Jahr 2027<\/p>\n<ul>\n<li>Erhalt des wichtigen Netzwerks \u201eSoziales K\u00f6ln\u201c f\u00fcr Roma, Sinti und alle Menschen mit internationaler Familiengeschichte in den kommenden Jahren<\/li>\n<li>Entwicklung und Umsetzung eines umfassenden Aktionsplans gegen Antiziganismus in K\u00f6ln \u2013 analog zu bestehenden Strategien auf EU-, Bundes- und Landesebene, mit regelm\u00e4\u00dfiger Fortschreibung<\/li>\n<\/ul>\n<p>Am Samstag, 11.04.2026, fand die \u201ezweite Halbzeit\u201c der Feierlichkeiten auf dem Gel\u00e4nde des Rom e.V. mit einem vielf\u00e4ltigen kulturellen Programm. <a href=\"https:\/\/www.romev.de\/?page_id=6236\">Hier<\/a> findet sich ein ausf\u00fchrlicher Bericht.<\/p>\n<p><a href=\"https:\/\/www.romev.de\/?page_id=6243\/#Eindruecke\">Eindr\u00fccke vom Welt-Roma-Tag 2026<\/a><\/p>\n<p><strong><u>Weitere Links:<\/u><\/strong><\/p>\n<p><u>Bericht der Tagesschau zum Welt-Roma-Tag (und \u00fcber den Rom e.V.) am 08.04.2026<br \/>\n<\/u><a href=\"https:\/\/www.tagesschau.de\/tagesschau_20_uhr\/video-1573206.html\">https:\/\/www.tagesschau.de\/tagesschau_20_uhr\/video-1573206.html<\/a><\/p>\n<p>Link zum Youtube-Kanal des Rom e.V. (gerne abonnieren!)<br \/>\n<a href=\"https:\/\/www.youtube.com\/@rome.v\">https:\/\/www.youtube.com\/@rome.v<\/a>.<\/p>\n<p>Link zum facebook-Auftritt des Rom e.V. (gerne Follower werden!)<br \/>\n<a href=\"https:\/\/www.facebook.com\/RomevKoeln\/?locale=de_DE\">https:\/\/www.facebook.com\/RomevKoeln\/?locale=de_DE<\/a><\/p>\n","protected":false},"excerpt":{"rendered":"<p>Anl\u00e4sslich des Welt-Roma-Tages stand in diesem Jahr in K\u00f6ln alles im Zeichen von mehr Sichtbarkeit, Akzeptanz und demokratischer Teilhabe der Roma-Community. Zwei bedeutende Jubil\u00e4en rund um die Roma-Flagge pr\u00e4gten dabei&#8230;<\/p>\n","protected":false},"author":1965,"featured_media":0,"comment_status":"closed","ping_status":"closed","sticky":false,"template":"","format":"standard","meta":{"footnotes":""},"categories":[1],"tags":[],"class_list":{"0":"post-6294","1":"post","2":"type-post","3":"status-publish","4":"format-standard","6":"category-allgemein"},"_links":{"self":[{"href":"https:\/\/www.romev.de\/index.php?rest_route=\/wp\/v2\/posts\/6294","targetHints":{"allow":["GET"]}}],"collection":[{"href":"https:\/\/www.romev.de\/index.php?rest_route=\/wp\/v2\/posts"}],"about":[{"href":"https:\/\/www.romev.de\/index.php?rest_route=\/wp\/v2\/types\/post"}],"author":[{"embeddable":true,"href":"https:\/\/www.romev.de\/index.php?rest_route=\/wp\/v2\/users\/1965"}],"replies":[{"embeddable":true,"href":"https:\/\/www.romev.de\/index.php?rest_route=%2Fwp%2Fv2%2Fcomments&post=6294"}],"version-history":[{"count":1,"href":"https:\/\/www.romev.de\/index.php?rest_route=\/wp\/v2\/posts\/6294\/revisions"}],"predecessor-version":[{"id":6295,"href":"https:\/\/www.romev.de\/index.php?rest_route=\/wp\/v2\/posts\/6294\/revisions\/6295"}],"wp:attachment":[{"href":"https:\/\/www.romev.de\/index.php?rest_route=%2Fwp%2Fv2%2Fmedia&parent=6294"}],"wp:term":[{"taxonomy":"category","embeddable":true,"href":"https:\/\/www.romev.de\/index.php?rest_route=%2Fwp%2Fv2%2Fcategories&post=6294"},{"taxonomy":"post_tag","embeddable":true,"href":"https:\/\/www.romev.de\/index.php?rest_route=%2Fwp%2Fv2%2Ftags&post=6294"}],"curies":[{"name":"wp","href":"https:\/\/api.w.org\/{rel}","templated":true}]}}